{"id":7913,"date":"2015-06-16T12:24:43","date_gmt":"2015-06-16T11:24:43","guid":{"rendered":"http:\/\/sunof.net\/blog\/?p=7913"},"modified":"2015-06-16T12:24:43","modified_gmt":"2015-06-16T11:24:43","slug":"les-trois-comperes","status":"publish","type":"post","link":"https:\/\/sunof.net\/blog\/les-trois-comperes\/","title":{"rendered":"Les trois comp\u00e8res"},"content":{"rendered":"<p><a href=\"https:\/\/sunof.net\/blog\/wp-content\/uploads\/2015\/06\/animals_sunof.net_1.jpg\"><img loading=\"lazy\" decoding=\"async\" class=\" size-full wp-image-7915 aligncenter\" src=\"https:\/\/sunof.net\/blog\/wp-content\/uploads\/2015\/06\/animals_sunof.net_1.jpg\" alt=\"animals_sunof.net\" width=\"300\" height=\"323\" srcset=\"https:\/\/sunof.net\/blog\/wp-content\/uploads\/2015\/06\/animals_sunof.net_1.jpg 300w, https:\/\/sunof.net\/blog\/wp-content\/uploads\/2015\/06\/animals_sunof.net_1-279x300.jpg 279w\" sizes=\"auto, (max-width: 300px) 100vw, 300px\" \/><\/a><\/p>\n<p>Je viens de retrouver dans mes archives un dessin sympa qui faisait partie d&#8217;un projet de logo r\u00e9alis\u00e9 il y a quelques ann\u00e9es pour un client. Les deux personnages au second plan sont plus souriants sur le r\u00e9sultat final.<\/p>\n<p>Attention : Ce dessin n&#8217;est pas libre de droits.<\/p>\n<p>&nbsp;<\/p>\n<p>&nbsp;<\/p>\n<p>&nbsp;<\/p>\n","protected":false},"excerpt":{"rendered":"<p>Je viens de retrouver dans mes archives un dessin sympa qui faisait partie d&#8217;un projet de logo r\u00e9alis\u00e9 il y a quelques ann\u00e9es pour un client. Les deux personnages au second plan sont plus souriants sur le r\u00e9sultat final. Attention : Ce dessin n&#8217;est pas libre de droits. &nbsp; &nbsp; &nbsp;<\/p>\n","protected":false},"author":2,"featured_media":0,"comment_status":"open","ping_status":"closed","sticky":false,"template":"","format":"standard","meta":{"footnotes":""},"categories":[3],"tags":[3307,2359,14,7702,7703,7704,4516,7701,1333],"class_list":["post-7913","post","type-post","status-publish","format-standard","hentry","category-barbouillages","tag-boeuf","tag-cochon","tag-dessin","tag-dessin-animalier","tag-expression-du-visage","tag-logo-animalier","tag-porc","tag-portrait-danimaux","tag-poulet"],"_links":{"self":[{"href":"https:\/\/sunof.net\/blog\/wp-json\/wp\/v2\/posts\/7913","targetHints":{"allow":["GET"]}}],"collection":[{"href":"https:\/\/sunof.net\/blog\/wp-json\/wp\/v2\/posts"}],"about":[{"href":"https:\/\/sunof.net\/blog\/wp-json\/wp\/v2\/types\/post"}],"author":[{"embeddable":true,"href":"https:\/\/sunof.net\/blog\/wp-json\/wp\/v2\/users\/2"}],"replies":[{"embeddable":true,"href":"https:\/\/sunof.net\/blog\/wp-json\/wp\/v2\/comments?post=7913"}],"version-history":[{"count":3,"href":"https:\/\/sunof.net\/blog\/wp-json\/wp\/v2\/posts\/7913\/revisions"}],"predecessor-version":[{"id":7918,"href":"https:\/\/sunof.net\/blog\/wp-json\/wp\/v2\/posts\/7913\/revisions\/7918"}],"wp:attachment":[{"href":"https:\/\/sunof.net\/blog\/wp-json\/wp\/v2\/media?parent=7913"}],"wp:term":[{"taxonomy":"category","embeddable":true,"href":"https:\/\/sunof.net\/blog\/wp-json\/wp\/v2\/categories?post=7913"},{"taxonomy":"post_tag","embeddable":true,"href":"https:\/\/sunof.net\/blog\/wp-json\/wp\/v2\/tags?post=7913"}],"curies":[{"name":"wp","href":"https:\/\/api.w.org\/{rel}","templated":true}]}}